{"id":1570,"date":"2016-10-14T22:00:00","date_gmt":"2016-10-14T22:00:00","guid":{"rendered":""},"modified":"2016-10-14T22:00:00","modified_gmt":"2016-10-14T22:00:00","slug":"","status":"publish","type":"post","link":"https:\/\/zbl.lzmk.hr\/?p=1570","title":{"rendered":"BERGER, Imbro (Imre)"},"content":{"rendered":"<p class=\"Normal\"><span class=\"Bold\">BERGER, Imbro (Imre), <\/span>veletrgovac (Gardopusta, Ma\u0111arska, 21. II. 1878 \u2013 logor Jasenovac, 20. IX. ili 20. X. 1941). Sin K\u00e1rolya i Matilde ro\u0111. H\u00f6nig. U djetinjstvu se doselio u Kutinu, gdje je postao vlasnik trgovine mje\u0161ovitom robom te modernizirane ciglane. Nakon \u0161to mu je zeleni kadar 1918. oplja\u010dkao stan i trgovinu te zapalio ku\u0107u i razorio ciglanu, preselio se u Zagreb, gdje je kupio dvokatnicu na Peja\u010devi\u0107evu (danas Britanskom) trgu, a s bratom \u2192 Mi\u0161om u Kutini je otvorio veletrgovinu mje\u0161ovitom robom \u00bbImbro i Mi\u0161o Berger.\u00ab Zastupao je Tvornicu mineralne vode \u00bbJamnica\u00ab, mesnu industriju \u00bbGavrilovi\u0107\u00ab, \u0161vic. \u00bbNestl\u00e9\u00ab, \u00bbStock Brandy Medicinal\u00ab iz Po\u017eege te gr\u010dke izvoznike kolonijalne robe. Bio je \u010dlan Hrvatske stranke prava do 1923, kad je istupio zbog antisemitizma. Po osnutku NDH, 30. VI. 1940, podnio je prijavu imetka Ministarstvu narodnoga gospodarstva, Uredu za obnovu privrede NDH, no ve\u0107 9. VII. je uhi\u0107en i deportiran najvjerojatnije u logor Slana na Pagu, potom u logor Jasenovac, gdje je stradao. Njegova supruga Greta ro\u0111. Neumann (Zagreb, 1893) bila je odvedena u logor Stara Gradi\u0161ka, a sin Milan (?1920) u Auschwitz. Spasila se jedino k\u0107i \u2192 Matilda Gr\u00fcner.<\/p>\n<p class=\"Literatura\"><span class=\"SMALL-CAPS\">IZV.:<\/span> HDA, Ponova, Prijava imetka, kut. 661. \u2013 Podaci o ulazniku T. Gr\u00fcner. \u2013 Telefonski imenik 1941.<\/p>\n<p class=\"Literatura\"><span class=\"SMALL-CAPS\">LIT.:<\/span> J. Romano: <span class=\"Italic\">Jevreji Jugoslavije 1941\u20131945. \u017drtve genocida i u\u010desnici narodnooslobodila\u010dkog rata<\/span>. Beograd 1980. \u2013 A. Mileti\u0107: <span class=\"Italic\">Koncentracioni logor Jasenovac 1941<\/span>\u2013<span class=\"Italic\">1945. Dokumenta,<\/span> 1. Beograd\u2013Jasenovac 1986. \u2013 I. i S. Goldstein: <span class=\"Italic\">Holokaust u Zagrebu<\/span>. Zagreb 2001. \u2013 M. \u0160vob: <span class=\"Italic\">\u017didovi u Hrvatskoj,<\/span> 2. Zagreb 2004.<\/p>\n","protected":false},"excerpt":{"rendered":"<p>BERGER, Imbro (Imre), veletrgovac (Gardopusta, Ma\u0111arska, 21. II. 1878 \u2013 logor Jasenovac, 20. IX. ili 20. X. 1941). Sin K\u00e1rolya i Matilde ro\u0111. H\u00f6nig. U djetinjstvu se doselio u Kutinu, gdje je postao vlasnik trgovine mje\u0161ovitom robom te modernizirane ciglane. Nakon \u0161to mu je zeleni kadar 1918. oplja\u010dkao stan i trgovinu te zapalio ku\u0107u i &hellip; <a href=\"https:\/\/zbl.lzmk.hr\/?p=1570\" class=\"more-link\">Nastavi \u010ditati<span class=\"screen-reader-text\"> &#8220;BERGER, Imbro (Imre)&#8221;<\/span><\/a><\/p>\n","protected":false},"author":2,"featured_media":0,"comment_status":"closed","ping_status":"open","sticky":false,"template":"","format":"standard","meta":{"footnotes":""},"categories":[2],"tags":[],"class_list":["post-1570","post","type-post","status-publish","format-standard","hentry","category-2"],"_links":{"self":[{"href":"https:\/\/zbl.lzmk.hr\/index.php?rest_route=\/wp\/v2\/posts\/1570"}],"collection":[{"href":"https:\/\/zbl.lzmk.hr\/index.php?rest_route=\/wp\/v2\/posts"}],"about":[{"href":"https:\/\/zbl.lzmk.hr\/index.php?rest_route=\/wp\/v2\/types\/post"}],"author":[{"embeddable":true,"href":"https:\/\/zbl.lzmk.hr\/index.php?rest_route=\/wp\/v2\/users\/2"}],"replies":[{"embeddable":true,"href":"https:\/\/zbl.lzmk.hr\/index.php?rest_route=%2Fwp%2Fv2%2Fcomments&post=1570"}],"version-history":[{"count":0,"href":"https:\/\/zbl.lzmk.hr\/index.php?rest_route=\/wp\/v2\/posts\/1570\/revisions"}],"wp:attachment":[{"href":"https:\/\/zbl.lzmk.hr\/index.php?rest_route=%2Fwp%2Fv2%2Fmedia&parent=1570"}],"wp:term":[{"taxonomy":"category","embeddable":true,"href":"https:\/\/zbl.lzmk.hr\/index.php?rest_route=%2Fwp%2Fv2%2Fcategories&post=1570"},{"taxonomy":"post_tag","embeddable":true,"href":"https:\/\/zbl.lzmk.hr\/index.php?rest_route=%2Fwp%2Fv2%2Ftags&post=1570"}],"curies":[{"name":"wp","href":"https:\/\/api.w.org\/{rel}","templated":true}]}}