{"id":1490,"date":"2016-10-14T22:00:00","date_gmt":"2016-10-14T22:00:00","guid":{"rendered":""},"modified":"2016-10-14T22:00:00","modified_gmt":"2016-10-14T22:00:00","slug":"","status":"publish","type":"post","link":"https:\/\/zbl.lzmk.hr\/?p=1490","title":{"rendered":"NJEMIROVSKI, Mavro"},"content":{"rendered":"<p class=\"Normal\"><span class=\"Bold\">NJEMIROVSKI, Mavro, <\/span>slu\u017ebenik (?, Rusija, o. 1880 \u2013 ?, 15. V. 1930). Bio je kotarski na\u010delnik u Osijeku ili ist. Slavoniji. Supruga Berta ro\u0111. Spivak (?, 1894 \u2013 ?) udajom je stekla zavi\u010dajnost u Osijeku. Kao udovica \u017eivjela je 1941. u Zagrebu s k\u0107erima Nadom (?, 1920) i Mirom. U svibnju 1942. s k\u0107eri Nadom je izba\u010dena iz stana u Janu\u0161eve\u010dkoj ul., a poku\u0107stvo popisano i procijenjeno kako bi se moglo predati D. M., zrakoplovnom \u010dasni\u010dkom namjesniku, koji se uselio u njihov stan. Pre\u017eivjela je rat s k\u0107erima vjerojatno na partizanskom teritoriju. \u2013 K\u0107i <span class=\"Italic\">Mira<\/span> (Osijek, 1923 \u2013 ?), po uspostavi NDH iz Osijeka je prebjegla u Hrvatsko primorje te bila internirana u logore u Kraljevici i Kamporu na Rabu. Nakon kapitulacije Italije u rujnu 1943. priklju\u010dila se partizanima i djelovala kao nastavnica u partizanskoj osnovnoj \u0161koli u Lokvama.<\/p>\n<p class=\"Literatura\"><span class=\"SMALL-CAPS\">IZV.:<\/span> HDA, Ponova, Prijava imetka, kut. 689. \u2013 HDA, RUR, \u017didovski odsjek, 29378.<\/p>\n<p class=\"Literatura\"><span class=\"SMALL-CAPS\">LIT.:<\/span> J. Romano: <span class=\"Italic\">Jevreji Jugoslavije 1941\u20131945. \u017drtve genocida i u\u010desnici narodnooslobodila\u010dkog rata. <\/span>Beograd 1980. \u2013 M. \u0160vob: <span class=\"Italic\">\u017didovi u Hrvatskoj, <\/span>2. Zagreb 2004.<\/p>\n","protected":false},"excerpt":{"rendered":"<p>NJEMIROVSKI, Mavro, slu\u017ebenik (?, Rusija, o. 1880 \u2013 ?, 15. V. 1930). Bio je kotarski na\u010delnik u Osijeku ili ist. Slavoniji. Supruga Berta ro\u0111. Spivak (?, 1894 \u2013 ?) udajom je stekla zavi\u010dajnost u Osijeku. Kao udovica \u017eivjela je 1941. u Zagrebu s k\u0107erima Nadom (?, 1920) i Mirom. U svibnju 1942. s k\u0107eri Nadom &hellip; <a href=\"https:\/\/zbl.lzmk.hr\/?p=1490\" class=\"more-link\">Nastavi \u010ditati<span class=\"screen-reader-text\"> &#8220;NJEMIROVSKI, Mavro&#8221;<\/span><\/a><\/p>\n","protected":false},"author":2,"featured_media":0,"comment_status":"closed","ping_status":"open","sticky":false,"template":"","format":"standard","meta":{"footnotes":""},"categories":[15],"tags":[],"class_list":["post-1490","post","type-post","status-publish","format-standard","hentry","category-15"],"_links":{"self":[{"href":"https:\/\/zbl.lzmk.hr\/index.php?rest_route=\/wp\/v2\/posts\/1490"}],"collection":[{"href":"https:\/\/zbl.lzmk.hr\/index.php?rest_route=\/wp\/v2\/posts"}],"about":[{"href":"https:\/\/zbl.lzmk.hr\/index.php?rest_route=\/wp\/v2\/types\/post"}],"author":[{"embeddable":true,"href":"https:\/\/zbl.lzmk.hr\/index.php?rest_route=\/wp\/v2\/users\/2"}],"replies":[{"embeddable":true,"href":"https:\/\/zbl.lzmk.hr\/index.php?rest_route=%2Fwp%2Fv2%2Fcomments&post=1490"}],"version-history":[{"count":0,"href":"https:\/\/zbl.lzmk.hr\/index.php?rest_route=\/wp\/v2\/posts\/1490\/revisions"}],"wp:attachment":[{"href":"https:\/\/zbl.lzmk.hr\/index.php?rest_route=%2Fwp%2Fv2%2Fmedia&parent=1490"}],"wp:term":[{"taxonomy":"category","embeddable":true,"href":"https:\/\/zbl.lzmk.hr\/index.php?rest_route=%2Fwp%2Fv2%2Fcategories&post=1490"},{"taxonomy":"post_tag","embeddable":true,"href":"https:\/\/zbl.lzmk.hr\/index.php?rest_route=%2Fwp%2Fv2%2Ftags&post=1490"}],"curies":[{"name":"wp","href":"https:\/\/api.w.org\/{rel}","templated":true}]}}