{"id":1488,"date":"2016-10-14T22:00:00","date_gmt":"2016-10-14T22:00:00","guid":{"rendered":""},"modified":"2016-10-14T22:00:00","modified_gmt":"2016-10-14T22:00:00","slug":"","status":"publish","type":"post","link":"https:\/\/zbl.lzmk.hr\/?p=1488","title":{"rendered":"NJEM\u010cI\u0106, Milan"},"content":{"rendered":"<p class=\"Normal\"><span class=\"Bold\">NJEM\u010cI\u0106, Milan,<\/span> veterinar (?, 1864 \u2013 Zagreb, 4. VI. 1931). U Zagreb se doselio s obitelji 1913. te djelovao kao kraljevski veterinarski nadzornik, zaslu\u017ean za unapre\u0111enje sto\u010darstva na podru\u010dju Bjelovarsko-kri\u017eeva\u010dke \u017eupanije. Bio je \u010dlan asimilantskog dru\u0161tva \u00bbNarodni rad\u00ab 1920-ih. Po uspostavi NDH njegova udovica Olga (Kri\u017eevci, 1872 \u2013 Zagreb, 4. VIII. 1956) i sin Pavao (Kri\u017eevci, 5. VII. 1897 \u2013 Zagreb, 9. XI. 1990) bili su pod za\u0161titom Slavka Kvaternika. Sin se 1944. priklju\u010dio partizanima djeluju\u0107i u 10. korpusu.<\/p>\n<p class=\"Literatura\"><span class=\"SMALL-CAPS\">IZV.:<\/span> HDA, Ponova, Prijava imetka, kut. 689. \u2013 HDA, RUR, \u017didovski odsjek, 27909.<\/p>\n<p class=\"Literatura\"><span class=\"SMALL-CAPS\">LIT.:<\/span> J. Romano: <span class=\"Italic\">Jevreji Jugoslavije 1941\u20131945. \u017drtve genocida i u\u010desnici narodnooslobodila\u010dkog rata<\/span>. Beograd 1980. \u2013 I. Goldstein: <span class=\"Italic\">\u017didovi u Zagrebu 1918\u20131941. <\/span>Zagreb 2004. \u2013 M. \u0160vob: <span class=\"Italic\">\u017didovi u Hrvatskoj, <\/span>2. Zagreb 2004.<\/p>\n","protected":false},"excerpt":{"rendered":"<p>NJEM\u010cI\u0106, Milan, veterinar (?, 1864 \u2013 Zagreb, 4. VI. 1931). U Zagreb se doselio s obitelji 1913. te djelovao kao kraljevski veterinarski nadzornik, zaslu\u017ean za unapre\u0111enje sto\u010darstva na podru\u010dju Bjelovarsko-kri\u017eeva\u010dke \u017eupanije. Bio je \u010dlan asimilantskog dru\u0161tva \u00bbNarodni rad\u00ab 1920-ih. Po uspostavi NDH njegova udovica Olga (Kri\u017eevci, 1872 \u2013 Zagreb, 4. VIII. 1956) i sin Pavao &hellip; <a href=\"https:\/\/zbl.lzmk.hr\/?p=1488\" class=\"more-link\">Nastavi \u010ditati<span class=\"screen-reader-text\"> &#8220;NJEM\u010cI\u0106, Milan&#8221;<\/span><\/a><\/p>\n","protected":false},"author":2,"featured_media":0,"comment_status":"closed","ping_status":"open","sticky":false,"template":"","format":"standard","meta":{"footnotes":""},"categories":[15],"tags":[],"class_list":["post-1488","post","type-post","status-publish","format-standard","hentry","category-15"],"_links":{"self":[{"href":"https:\/\/zbl.lzmk.hr\/index.php?rest_route=\/wp\/v2\/posts\/1488"}],"collection":[{"href":"https:\/\/zbl.lzmk.hr\/index.php?rest_route=\/wp\/v2\/posts"}],"about":[{"href":"https:\/\/zbl.lzmk.hr\/index.php?rest_route=\/wp\/v2\/types\/post"}],"author":[{"embeddable":true,"href":"https:\/\/zbl.lzmk.hr\/index.php?rest_route=\/wp\/v2\/users\/2"}],"replies":[{"embeddable":true,"href":"https:\/\/zbl.lzmk.hr\/index.php?rest_route=%2Fwp%2Fv2%2Fcomments&post=1488"}],"version-history":[{"count":0,"href":"https:\/\/zbl.lzmk.hr\/index.php?rest_route=\/wp\/v2\/posts\/1488\/revisions"}],"wp:attachment":[{"href":"https:\/\/zbl.lzmk.hr\/index.php?rest_route=%2Fwp%2Fv2%2Fmedia&parent=1488"}],"wp:term":[{"taxonomy":"category","embeddable":true,"href":"https:\/\/zbl.lzmk.hr\/index.php?rest_route=%2Fwp%2Fv2%2Fcategories&post=1488"},{"taxonomy":"post_tag","embeddable":true,"href":"https:\/\/zbl.lzmk.hr\/index.php?rest_route=%2Fwp%2Fv2%2Ftags&post=1488"}],"curies":[{"name":"wp","href":"https:\/\/api.w.org\/{rel}","templated":true}]}}