{"id":1470,"date":"2016-10-14T22:00:00","date_gmt":"2016-10-14T22:00:00","guid":{"rendered":""},"modified":"2018-11-26T10:37:58","modified_gmt":"2018-11-26T09:37:58","slug":"berger-armin","status":"publish","type":"post","link":"https:\/\/zbl.lzmk.hr\/?p=1470","title":{"rendered":"BERGER, Armin"},"content":{"rendered":"<p class=\"Normal\"><span class=\"Bold\">BERGER, Armin, <\/span>gospodarstvenik i \u017eid. aktivist (Kisa\u010d, Srbija, 1892 \u2013 Slavonski Brod, 11. IX. 1971). Sin Leona i Julije ro\u0111. L\u00f6wy. Suprug Ilonke ro\u0111. Heisler. Zavr\u0161io je trg. \u0161kolu u Be\u010du. Od 1909. u Slavonskom Brodu bavio se prodajom kamilice be\u010dkim ljekarnama. Tako\u0111er je jedno vrijeme radio kao trgova\u010dki putnik. Za I. svj. rata bio je mobiliziran u austroug. vojsku. U me\u0111uratnom razdoblju u Slavonskom Brodu bio je trgovac (\u00bbNerosini\u00ab, \u00bbBojana\u00ab) i tvorni\u010dar (\u00bbMabe\u00ab, \u00bbVerol\u00ab), predsj. hrama, potpredsjednik Hevre Kadi\u0161e i potpredsjednik lokalnoga nogometnog kluba Makabi. Po uspostavi NDH prebjegao je u Hrvatsko primorje te bio interniran u logore u Kraljevici i Kamporu na Rabu. Po oslobo\u0111enju iz logora priklju\u010dio se je partizanima te u Ledenicama kraj Novog Vinodolskog organizirao partizansku logistiku i pribavljao lijekove. God. 1945\u201362. bio je direktor poduze\u0107a \u00bbGra\u0111a\u00ab u Slavonskom Brodu; tako\u0111er je bio aktivan u obnovljenoj \u017eid. zajednici i do smrti predsj. op\u0107ine. Bio je rukovoditelj niza humanitarnih, kulturnih i sportskih udruga u Slavonskom Brodu. \u2212 K\u0107i <span class=\"Italic\">Kira <\/span>ud. <span class=\"Italic\">Kardum, <\/span>ekonomistica je i \u017eid. aktivistica (Zagreb, 24. VI. 1937).<\/p>\n<p class=\"Literatura\"><span class=\"SMALL-CAPS\">IZV.:<\/span> Podaci o ulazniku K. Kardum.<\/p>\n<p class=\"Literatura\"><span class=\"SMALL-CAPS\">LIT.:<\/span> S. Mirkovi\u0107: <span class=\"Italic\">Posljednje po\u010divali\u0161te brodskih \u017didova<\/span>. Bilten \u017dOZ, 1990, 15. \u2013 Bilten \u017dOZ, 1996, 46\/47. \u2013 S. Uzelac Schwendemann: <span class=\"Italic\">Dogodilo se jednom u Brodu<\/span>. Slavonski Brod 2008.\u00a0\u2013 Isti:\u00a0<em>\u017didovski Brod<\/em><em>\/kulturno-povijesne krhotine<\/em>, Slavonski Brod 2011.<\/p>\n","protected":false},"excerpt":{"rendered":"<p>BERGER, Armin, gospodarstvenik i \u017eid. aktivist (Kisa\u010d, Srbija, 1892 \u2013 Slavonski Brod, 11. IX. 1971). Sin Leona i Julije ro\u0111. L\u00f6wy. Suprug Ilonke ro\u0111. Heisler. Zavr\u0161io je trg. \u0161kolu u Be\u010du. Od 1909. u Slavonskom Brodu bavio se prodajom kamilice be\u010dkim ljekarnama. Tako\u0111er je jedno vrijeme radio kao trgova\u010dki putnik. Za I. svj. rata bio &hellip; <a href=\"https:\/\/zbl.lzmk.hr\/?p=1470\" class=\"more-link\">Nastavi \u010ditati<span class=\"screen-reader-text\"> &#8220;BERGER, Armin&#8221;<\/span><\/a><\/p>\n","protected":false},"author":2,"featured_media":0,"comment_status":"closed","ping_status":"open","sticky":false,"template":"","format":"standard","meta":{"footnotes":""},"categories":[2],"tags":[],"class_list":["post-1470","post","type-post","status-publish","format-standard","hentry","category-2"],"_links":{"self":[{"href":"https:\/\/zbl.lzmk.hr\/index.php?rest_route=\/wp\/v2\/posts\/1470"}],"collection":[{"href":"https:\/\/zbl.lzmk.hr\/index.php?rest_route=\/wp\/v2\/posts"}],"about":[{"href":"https:\/\/zbl.lzmk.hr\/index.php?rest_route=\/wp\/v2\/types\/post"}],"author":[{"embeddable":true,"href":"https:\/\/zbl.lzmk.hr\/index.php?rest_route=\/wp\/v2\/users\/2"}],"replies":[{"embeddable":true,"href":"https:\/\/zbl.lzmk.hr\/index.php?rest_route=%2Fwp%2Fv2%2Fcomments&post=1470"}],"version-history":[{"count":1,"href":"https:\/\/zbl.lzmk.hr\/index.php?rest_route=\/wp\/v2\/posts\/1470\/revisions"}],"predecessor-version":[{"id":3752,"href":"https:\/\/zbl.lzmk.hr\/index.php?rest_route=\/wp\/v2\/posts\/1470\/revisions\/3752"}],"wp:attachment":[{"href":"https:\/\/zbl.lzmk.hr\/index.php?rest_route=%2Fwp%2Fv2%2Fmedia&parent=1470"}],"wp:term":[{"taxonomy":"category","embeddable":true,"href":"https:\/\/zbl.lzmk.hr\/index.php?rest_route=%2Fwp%2Fv2%2Fcategories&post=1470"},{"taxonomy":"post_tag","embeddable":true,"href":"https:\/\/zbl.lzmk.hr\/index.php?rest_route=%2Fwp%2Fv2%2Ftags&post=1470"}],"curies":[{"name":"wp","href":"https:\/\/api.w.org\/{rel}","templated":true}]}}