{"id":1464,"date":"2016-10-14T22:00:00","date_gmt":"2016-10-14T22:00:00","guid":{"rendered":""},"modified":"2016-10-14T22:00:00","modified_gmt":"2016-10-14T22:00:00","slug":"","status":"publish","type":"post","link":"https:\/\/zbl.lzmk.hr\/?p=1464","title":{"rendered":"NEUMANN, Samuel"},"content":{"rendered":"<p class=\"Normal\"><span class=\"Bold\">NEUMANN, Samuel, <\/span>gospodarstvenik (\u010cakovec, 23. V. 1854 \u2013 Graz, Austrija, 28. III. 1927). Sin Moritzov. Bio je u braku s Irenom ro\u0111. Spitzer. Za\u010detnik je moderne me\u0111imurske tekstilne industrije. God. 1874. u Austriji je nabavio jednostavan kotao za bojenje doma\u0107eg platna i otvorio obrt, a 1878. imao je ve\u0107 dva kotla za bojenje i nekoliko zaposlenih. Tijekom 1894. u Ma\u0111arskoj i Njema\u010dkoj nabavio je nekoliko strojeva za bojenje tkanina. Iako su strojevi bili zastarjeli, ipak su omogu\u0107ili pove\u0107anje proizvodnje i prvu rekonstrukciju pogona. Jednostavna manufaktura prerasla je u industriju \u00bbSamuel Neumann nasljednici\u00ab, dana\u0161nji \u00bb\u010cateks\u00ab u \u010cakovcu. Upravljanje poduze\u0107em 1908. predao je sinu Vilimu i zetu \u2192 D. Zooru. Tako\u0111er je bio vi\u0161egodi\u0161nji \u010dlan Trgovi\u0161noga poglavarstva \u010cakovca i ravnateljstva Me\u0111imurske \u0161tedionice. Pokopan je u \u010cakovcu. \u2013 Sin <span class=\"Italic\">Vilim, <\/span>gospodarstvenik (\u010cakovec, 1885 \u2013 Auschwitz, 1944). Od 1908. s D. Zoorom upravljao je obiteljskim poduze\u0107em \u00bbSamuel Neumann nasljednici\u00ab. Proizvodnju su razvili u me\u0111uratnom razdoblju, a 1934. zapo\u010deli su izgradnju tkaonice, kojom su \u017eeljeli kompletirati proizvodnju. Strojevi su kupljeni u Zagrebu, proizvodnju u tkaonici vodio je Karlo Kerner, dok je njegov brat \u2192 Pavao Kerner vodio bojadisaonicu. Do po\u010detka II. svj. rata poduze\u0107e je imalo 150 zaposlenika. Dana 26. IV. 1944. uhi\u0107en je s ostalim me\u0111imurskim \u017didovima, otpremljen u Nagykanizsu i deportiran u Auschwitz. Supruga Jelena (Ilonka) ro\u0111. Szego i k\u0107i Magda ud. Fleissig tako\u0111er su stradale u Auschwitzu, sin Nikola pre\u017eivio je koncentracijske logore, dok je sudbina k\u0107eri Gizele nepoznata. \u2013 Vilimov sin <span class=\"Italic\">Nikola, <\/span>kemi\u010dar (\u010cakovec, 1922 \u2013 ?). Zavr\u0161io je gimnaziju u Vara\u017edinu 1940, potom je zapo\u010deo studij kemije na Tehni\u010dkom fakultetu u Zagrebu. God. 1941\u201344. radio je u obiteljskoj tekstilnoj tvrtki \u00bbSamuel Neumann nasljednici\u00ab u \u010cakovcu. Uhi\u0107en je u travnju 1944. i deportiran u Auschwitz, potom u Buchenwald i Bergen-Belsen. Odatle su ga u travnju 1945. oslobodili saveznici i poslali na oporavak u \u0160vedsku. Studij kemije zavr\u0161io je 1949. u Zagrebu, a doktorirao 1974. u Grazu. God. 1949. odselio se u Izrael, potom u Kanadu, a od 1957. \u017eivi u SAD, gdje je radio na vode\u0107im polo\u017eajima u tekstilnoj industriji. U Cohassetu (Massachussets) osnovao je konzultantsku tvrtku \u00bbN. Newman Associates.\u00ab Bavio se istra\u017eivanjem nove grane tekstila (netkanim tkaninama). God. 2001. dobio je nagradu ameri\u010dkog udru\u017eenja za netkane tkanine (INDA \u2013 International Nonwovens and Disposables Association). Nagrada je dodijeljena prvi put u povijesti udru\u017eenja za sveukupni \u017eivotni uspjeh i doprinos na tehni\u010dkom podru\u010dju.<\/p>\n<p class=\"Literatura\"><span class=\"SMALL-CAPS\">LIT.:<\/span> <span class=\"Italic\">Me\u0111imurje 1919.\u20131959. <\/span>\u010cakovec 1959. \u2013 D. Feletar i E. Fi\u0161er: <span class=\"Italic\">\u010cakove\u010dka tekstilna industrija \u010cateks-\u010cakovec 1874. <\/span>\u010cakovec 1974. <span class=\"Italic\">\u2013 <\/span>Vjesnik, 54(1993), 2. II. \u2013 V. Kal\u0161an: <span class=\"Italic\">Gra\u0111ansko dru\u0161tvo u Me\u0111imurju. <\/span>\u0160enkovec 2000. \u2013 Isti: <span class=\"Italic\">\u017didovi u Me\u0111imurju<\/span> (katalog izlo\u017ebe). \u010cakovec 2006. \u2013 J. i V. Kal\u0161an: <span class=\"Italic\">Neumann, Samuel. <\/span>Me\u0111imurski biografski leksikon.<span class=\"Italic\"> <\/span>\u010cakovec 2012.<\/p>\n","protected":false},"excerpt":{"rendered":"<p>NEUMANN, Samuel, gospodarstvenik (\u010cakovec, 23. V. 1854 \u2013 Graz, Austrija, 28. III. 1927). Sin Moritzov. Bio je u braku s Irenom ro\u0111. Spitzer. Za\u010detnik je moderne me\u0111imurske tekstilne industrije. God. 1874. u Austriji je nabavio jednostavan kotao za bojenje doma\u0107eg platna i otvorio obrt, a 1878. imao je ve\u0107 dva kotla za bojenje i nekoliko &hellip; <a href=\"https:\/\/zbl.lzmk.hr\/?p=1464\" class=\"more-link\">Nastavi \u010ditati<span class=\"screen-reader-text\"> &#8220;NEUMANN, Samuel&#8221;<\/span><\/a><\/p>\n","protected":false},"author":2,"featured_media":0,"comment_status":"closed","ping_status":"open","sticky":false,"template":"","format":"standard","meta":{"footnotes":""},"categories":[14],"tags":[],"class_list":["post-1464","post","type-post","status-publish","format-standard","hentry","category-14"],"_links":{"self":[{"href":"https:\/\/zbl.lzmk.hr\/index.php?rest_route=\/wp\/v2\/posts\/1464"}],"collection":[{"href":"https:\/\/zbl.lzmk.hr\/index.php?rest_route=\/wp\/v2\/posts"}],"about":[{"href":"https:\/\/zbl.lzmk.hr\/index.php?rest_route=\/wp\/v2\/types\/post"}],"author":[{"embeddable":true,"href":"https:\/\/zbl.lzmk.hr\/index.php?rest_route=\/wp\/v2\/users\/2"}],"replies":[{"embeddable":true,"href":"https:\/\/zbl.lzmk.hr\/index.php?rest_route=%2Fwp%2Fv2%2Fcomments&post=1464"}],"version-history":[{"count":0,"href":"https:\/\/zbl.lzmk.hr\/index.php?rest_route=\/wp\/v2\/posts\/1464\/revisions"}],"wp:attachment":[{"href":"https:\/\/zbl.lzmk.hr\/index.php?rest_route=%2Fwp%2Fv2%2Fmedia&parent=1464"}],"wp:term":[{"taxonomy":"category","embeddable":true,"href":"https:\/\/zbl.lzmk.hr\/index.php?rest_route=%2Fwp%2Fv2%2Fcategories&post=1464"},{"taxonomy":"post_tag","embeddable":true,"href":"https:\/\/zbl.lzmk.hr\/index.php?rest_route=%2Fwp%2Fv2%2Ftags&post=1464"}],"curies":[{"name":"wp","href":"https:\/\/api.w.org\/{rel}","templated":true}]}}