{"id":1460,"date":"2016-10-14T22:00:00","date_gmt":"2016-10-14T22:00:00","guid":{"rendered":""},"modified":"2016-10-14T22:00:00","modified_gmt":"2016-10-14T22:00:00","slug":"","status":"publish","type":"post","link":"https:\/\/zbl.lzmk.hr\/?p=1460","title":{"rendered":"NEUMANN, Ljuba (Najman)"},"content":{"rendered":"<p class=\"Normal\"><span class=\"Bold\">NEUMANN, Ljuba (Najman),<\/span> internistica (Zagreb, 24. IX. 1894 \u2013 ?Tjenti\u0161te, Crna Gora, ljeto 1943). U Zagrebu je 1924. zavr\u0161ila Medicinski fakultet, specijalizirala internu medicinu, a 1928. dobila dopu\u0161tenje za rad od Lije\u010dni\u010dke komore te otvorila lije\u010dni\u010dku ordinaciju interne medicine u Masarykovoj ul. Bila predstojnica sredi\u0161njega laboratorija Zakladne bolnice (danas KB \u00bbSveti Duh\u00ab). Kao uvjerena marksistica i simpatizerka KPJ skupljala je priloge za Crvenu pomo\u0107. Po uspostavi NDH bila je udaljena s du\u017enosti i u ekipi \u017eid. lije\u010dnika poslana u BiH djelovati na suzbijanju endemskoga sifilisa u bolnicu u Gornji Vakuf, gdje je stupila u kontakt s partizanima i potajno im slala lijekove i sanitetski materijal te lije\u010dila ranjene i \u010dlanove njihovih obitelji. U lipnju 1942. stupila je u Kraji\u0161ku brigadu, odakle je povu\u010dena u Centralnu bolnicu Sanitetskoga odjeljenja Vrhovnoga \u0161taba i ondje je, kao jedina prava internistica, postala voditeljica internog odjela, organizirala klini\u010dki laboratorij te vodila te\u010dajeve za bolni\u010darke. Iako je u partizane do\u0161la ve\u0107 naru\u0161ena zdravlja, a u Bitci na Neretvi (4. neprijateljska ofenziva) preboljela i trbu\u0161ni tifus, nastavila se brinuti o te\u0161kim ranjenicima, koji su preko Neretve i Prenja stigli u Crnu Goru. Tamo je oboljela od pjegavca i, prema jednoj verziji, podlegla bolesti, a prema drugoj, ranjenu u bombardiranju, uhvatili su je i ubili nacisti na Tjenti\u0161tu. Ime joj se nalazilo na spomen-plo\u010di u Vojnomedicinskoj akademiji u Beogradu. Prijedlog \u2192 Stjepana Steinera iz 1986. da se po njoj nazove jedna zdravstvena ustanova u Zagrebu nije realiziran.<\/p>\n<p class=\"Literatura\"><span class=\"SMALL-CAPS\">IZV.:<\/span> HDA, Ponova, Prijava imetka, kut. 689.<\/p>\n<p class=\"Literatura\"><span class=\"SMALL-CAPS\">LIT.:<\/span> J. Mrazovi\u0107: <span class=\"Italic\">Adresar grada Zagreba 1931. <\/span>Zagreb 1931. \u2013 J. Romano: <span class=\"Italic\">Jevreji Jugoslavije 1941\u20131945. \u017drtve genocida i u\u010desnici narodnooslobodila\u010dkog rata. <\/span>Beograd 1980.<span class=\"Italic\"> <\/span>\u2013 S. Steiner: <span class=\"Italic\">Sje\u0107anje na \u017didove lije\u010dnike u NOB<\/span>. Bilten \u017dOZ, 1988, 11.<\/p>\n","protected":false},"excerpt":{"rendered":"<p>NEUMANN, Ljuba (Najman), internistica (Zagreb, 24. IX. 1894 \u2013 ?Tjenti\u0161te, Crna Gora, ljeto 1943). U Zagrebu je 1924. zavr\u0161ila Medicinski fakultet, specijalizirala internu medicinu, a 1928. dobila dopu\u0161tenje za rad od Lije\u010dni\u010dke komore te otvorila lije\u010dni\u010dku ordinaciju interne medicine u Masarykovoj ul. Bila predstojnica sredi\u0161njega laboratorija Zakladne bolnice (danas KB \u00bbSveti Duh\u00ab). Kao uvjerena marksistica &hellip; <a href=\"https:\/\/zbl.lzmk.hr\/?p=1460\" class=\"more-link\">Nastavi \u010ditati<span class=\"screen-reader-text\"> &#8220;NEUMANN, Ljuba (Najman)&#8221;<\/span><\/a><\/p>\n","protected":false},"author":2,"featured_media":0,"comment_status":"closed","ping_status":"open","sticky":false,"template":"","format":"standard","meta":{"footnotes":""},"categories":[14],"tags":[],"class_list":["post-1460","post","type-post","status-publish","format-standard","hentry","category-14"],"_links":{"self":[{"href":"https:\/\/zbl.lzmk.hr\/index.php?rest_route=\/wp\/v2\/posts\/1460"}],"collection":[{"href":"https:\/\/zbl.lzmk.hr\/index.php?rest_route=\/wp\/v2\/posts"}],"about":[{"href":"https:\/\/zbl.lzmk.hr\/index.php?rest_route=\/wp\/v2\/types\/post"}],"author":[{"embeddable":true,"href":"https:\/\/zbl.lzmk.hr\/index.php?rest_route=\/wp\/v2\/users\/2"}],"replies":[{"embeddable":true,"href":"https:\/\/zbl.lzmk.hr\/index.php?rest_route=%2Fwp%2Fv2%2Fcomments&post=1460"}],"version-history":[{"count":0,"href":"https:\/\/zbl.lzmk.hr\/index.php?rest_route=\/wp\/v2\/posts\/1460\/revisions"}],"wp:attachment":[{"href":"https:\/\/zbl.lzmk.hr\/index.php?rest_route=%2Fwp%2Fv2%2Fmedia&parent=1460"}],"wp:term":[{"taxonomy":"category","embeddable":true,"href":"https:\/\/zbl.lzmk.hr\/index.php?rest_route=%2Fwp%2Fv2%2Fcategories&post=1460"},{"taxonomy":"post_tag","embeddable":true,"href":"https:\/\/zbl.lzmk.hr\/index.php?rest_route=%2Fwp%2Fv2%2Ftags&post=1460"}],"curies":[{"name":"wp","href":"https:\/\/api.w.org\/{rel}","templated":true}]}}