{"id":1387,"date":"2016-10-14T22:00:00","date_gmt":"2016-10-14T22:00:00","guid":{"rendered":""},"modified":"2016-10-14T22:00:00","modified_gmt":"2016-10-14T22:00:00","slug":"","status":"publish","type":"post","link":"https:\/\/zbl.lzmk.hr\/?p=1387","title":{"rendered":"M\u00dcLLER, Ervin (Miller, Erwin)"},"content":{"rendered":"<p class=\"Normal\"><span class=\"Bold\">M\u00dcLLER, Ervin (Miller, Erwin), <\/span>obrtnik (Vinkovci, 27. I. 1924 \u2013 Maabarot, Izrael, 28. VI. 1991). Sin Ignacov. Zavr\u0161io je osnovnu i gra\u0111ansku \u0161kolu u Vinkovcima, gdje je radio kao urarski pomo\u0107nik. Bio je djelatan \u010dlan lokalnoga Ha\u0161omer Hacaira. Po uspostavi NDH bio je 1941. uhi\u0107en i deportiran u logor Jasenovac pa u Staru Gradi\u0161ku, gdje je radio kao elektri\u010dar, i potom je ponovo vra\u0107en u Jasenovac. Pre\u017eivio je proboj iz logora 22. IV. 1945. te se pridru\u017eio 21. srpskoj diviziji. Roditelji, sestra i brat stradali su u Holokaustu. Nakon rata vratio se u Vinkovce te se 1951. iselio u Izrael, gdje je \u017eivio u kibucima Givat\u2013Brener, Kirjat\u2013\u0160mona i do smrti u Maabarotu. Bavio se urarstvom, ali i slikarstvom i duborezom u plastici te \u010desto izlagao na izlo\u017ebama. Njegova svjedo\u010danstva o boravku u Jasenovcu pohranjena su u Yad Vashemu, a dijelovi su objavljeni u razli\u010ditim publikacijama u Izraelu, Hrvatskoj i Srbiji, a potom kao monografija pod naslovom<span class=\"Italic\"> Izabran za umiranje,<\/span> koja<span class=\"Italic\"> <\/span>predstavlja jedno od najupe\u010datljivijih svjedo\u010danstava o iskustvima logora\u0161a u logoru Jasenovac i logoru op\u0107enito. <\/p>\n<p class=\"Literatura\"><span class=\"SMALL-CAPS\">DJELA:<\/span> <span class=\"Italic\">Izabran za umiranje.<\/span> Zagreb\u2013Cetinje 2004.<\/p>\n<p class=\"Literatura\"><span class=\"SMALL-CAPS\">LIT.:<\/span> J. Romano: <span class=\"Italic\">Jevreji Jugoslavije 1941\u20131945. \u017drtve genocida i u\u010desnici narodnooslobodila\u010dkog rata. <\/span>Beograd 1980. <span class=\"Italic\">\u2013<\/span> \u017d. Lebl: <span class=\"Italic\">Ju\u010de, danas. <\/span>Tel Aviv 1999. <span class=\"Italic\">\u2013 <\/span>M. Kolar-Dimitrijevi\u0107: <span class=\"Italic\">Osobe iz knjige Ju\u010der, danas \u017deni Lebl (Jennie Lebel). <\/span>Novi Omanut, 10(2002) 50. \u2013 T. \u0160ali\u0107: <span class=\"Italic\">\u017didovi u Vinkovcima i okolici. <\/span>Osijek\u2013Zagreb 2002.<\/p>\n","protected":false},"excerpt":{"rendered":"<p>M\u00dcLLER, Ervin (Miller, Erwin), obrtnik (Vinkovci, 27. I. 1924 \u2013 Maabarot, Izrael, 28. VI. 1991). Sin Ignacov. Zavr\u0161io je osnovnu i gra\u0111ansku \u0161kolu u Vinkovcima, gdje je radio kao urarski pomo\u0107nik. Bio je djelatan \u010dlan lokalnoga Ha\u0161omer Hacaira. Po uspostavi NDH bio je 1941. uhi\u0107en i deportiran u logor Jasenovac pa u Staru Gradi\u0161ku, gdje &hellip; <a href=\"https:\/\/zbl.lzmk.hr\/?p=1387\" class=\"more-link\">Nastavi \u010ditati<span class=\"screen-reader-text\"> &#8220;M\u00dcLLER, Ervin (Miller, Erwin)&#8221;<\/span><\/a><\/p>\n","protected":false},"author":2,"featured_media":0,"comment_status":"closed","ping_status":"open","sticky":false,"template":"","format":"standard","meta":{"footnotes":""},"categories":[13],"tags":[],"class_list":["post-1387","post","type-post","status-publish","format-standard","hentry","category-13"],"_links":{"self":[{"href":"https:\/\/zbl.lzmk.hr\/index.php?rest_route=\/wp\/v2\/posts\/1387"}],"collection":[{"href":"https:\/\/zbl.lzmk.hr\/index.php?rest_route=\/wp\/v2\/posts"}],"about":[{"href":"https:\/\/zbl.lzmk.hr\/index.php?rest_route=\/wp\/v2\/types\/post"}],"author":[{"embeddable":true,"href":"https:\/\/zbl.lzmk.hr\/index.php?rest_route=\/wp\/v2\/users\/2"}],"replies":[{"embeddable":true,"href":"https:\/\/zbl.lzmk.hr\/index.php?rest_route=%2Fwp%2Fv2%2Fcomments&post=1387"}],"version-history":[{"count":0,"href":"https:\/\/zbl.lzmk.hr\/index.php?rest_route=\/wp\/v2\/posts\/1387\/revisions"}],"wp:attachment":[{"href":"https:\/\/zbl.lzmk.hr\/index.php?rest_route=%2Fwp%2Fv2%2Fmedia&parent=1387"}],"wp:term":[{"taxonomy":"category","embeddable":true,"href":"https:\/\/zbl.lzmk.hr\/index.php?rest_route=%2Fwp%2Fv2%2Fcategories&post=1387"},{"taxonomy":"post_tag","embeddable":true,"href":"https:\/\/zbl.lzmk.hr\/index.php?rest_route=%2Fwp%2Fv2%2Ftags&post=1387"}],"curies":[{"name":"wp","href":"https:\/\/api.w.org\/{rel}","templated":true}]}}