{"id":1370,"date":"2016-10-14T22:00:00","date_gmt":"2016-10-14T22:00:00","guid":{"rendered":""},"modified":"2016-10-14T22:00:00","modified_gmt":"2016-10-14T22:00:00","slug":"","status":"publish","type":"post","link":"https:\/\/zbl.lzmk.hr\/?p=1370","title":{"rendered":"BENEDIK, Vlado"},"content":{"rendered":"<p class=\"Normal\"><span class=\"Bold\">BENEDIK, Vlado, <\/span>novinar (Kri\u017e, 10. VII. 1918 \u2013 Zagreb, 17. VI. 1993). Sin Josipov. Suprug Eve ro\u0111. Heinrich (Zagreb, 1926 \u2013 Zagreb, 10. I. 2015). Nakon zavr\u0161ene Dr\u017eavne trgova\u010dke akademije u Zagrebu 1938, zaposlio se u poduze\u0107u \u00bbTrgopromet\u00ab. Po osnutku NDH, zajedno s obitelji Lavoslava Hermana, a uz pomo\u0107 Anke O\u0161tri\u0107 i Mate Buterina, prebjegao je u Novigrad kraj Zadra. Anka O\u0161tri\u0107 spasila je dovev\u0161i u Novigrad u svoju ku\u0107u iz Zagreba i njegove sestre Mimu i Ernu. U jesen 1942. bio je interniran u logor u Kraljevici, zatim u Kamporu na Rabu. U rujnu 1943. pristupio je partizanima kao borac \u017didovskoga rapskog bataljona i 7. banijske divizije te djelatnik Agitpropa 7. banijske divizije. Novinarstvom se po\u010deo baviti 1946. kao suradnik zagreba\u010dkoga <span class=\"Italic\">Vjesnika<\/span> i beogradskoga <span class=\"Italic\">Rada<\/span>. Od 1947. do umirovljenja 1978. bio je dopisnik i stenograf u zagreba\u010dkom uredni\u0161tvu novinske agencije <span class=\"Italic\">Tanjug,<\/span> s prekidom 1965\u201370, kad je djelovao kao dopisnik iste iz Be\u010da. Sura\u0111ivao je u <span class=\"Italic\">Privrednom vjesniku <\/span>(1978\u201380), <span class=\"Italic\">Turizmu<\/span> (1982), <span class=\"Italic\">Borbi,<\/span> <span class=\"Italic\">Politici<\/span> i <span class=\"Italic\">Ve\u010dernjim novostima<\/span>. Dobitnik je ratnih i mirnodopskih odli\u010dja. <\/p>\n<p class=\"Literatura\"><span class=\"SMALL-CAPS\">IZV.:<\/span> Podaci o ulazniku M. Veber.<\/p>\n<p class=\"Literatura\"><span class=\"SMALL-CAPS\">LIT.:<\/span> J. Romano: <span class=\"Italic\">Jevreji Jugoslavije 1941\u20131945. \u017drtve genocida i u\u010desnici narodnooslobodila\u010dkog rata. <\/span>Beograd 1980. <span class=\"Italic\">\u2013 <\/span> Z. Munko: <span class=\"Italic\">Benedik, Vlado.<\/span> Hrvatski biografski leksikon, 1. Zagreb 1983. \u2013 (Nekrolog). Bilten \u017dOZ 1993, 31\/32. \u2013 M. Steiner-Aviezer: <span class=\"Italic\">Hrvatski pravednici.<\/span> Zagreb 2008.<\/p>\n","protected":false},"excerpt":{"rendered":"<p>BENEDIK, Vlado, novinar (Kri\u017e, 10. VII. 1918 \u2013 Zagreb, 17. VI. 1993). Sin Josipov. Suprug Eve ro\u0111. Heinrich (Zagreb, 1926 \u2013 Zagreb, 10. I. 2015). Nakon zavr\u0161ene Dr\u017eavne trgova\u010dke akademije u Zagrebu 1938, zaposlio se u poduze\u0107u \u00bbTrgopromet\u00ab. Po osnutku NDH, zajedno s obitelji Lavoslava Hermana, a uz pomo\u0107 Anke O\u0161tri\u0107 i Mate Buterina, prebjegao &hellip; <a href=\"https:\/\/zbl.lzmk.hr\/?p=1370\" class=\"more-link\">Nastavi \u010ditati<span class=\"screen-reader-text\"> &#8220;BENEDIK, Vlado&#8221;<\/span><\/a><\/p>\n","protected":false},"author":2,"featured_media":0,"comment_status":"closed","ping_status":"open","sticky":false,"template":"","format":"standard","meta":{"footnotes":""},"categories":[2],"tags":[],"class_list":["post-1370","post","type-post","status-publish","format-standard","hentry","category-2"],"_links":{"self":[{"href":"https:\/\/zbl.lzmk.hr\/index.php?rest_route=\/wp\/v2\/posts\/1370"}],"collection":[{"href":"https:\/\/zbl.lzmk.hr\/index.php?rest_route=\/wp\/v2\/posts"}],"about":[{"href":"https:\/\/zbl.lzmk.hr\/index.php?rest_route=\/wp\/v2\/types\/post"}],"author":[{"embeddable":true,"href":"https:\/\/zbl.lzmk.hr\/index.php?rest_route=\/wp\/v2\/users\/2"}],"replies":[{"embeddable":true,"href":"https:\/\/zbl.lzmk.hr\/index.php?rest_route=%2Fwp%2Fv2%2Fcomments&post=1370"}],"version-history":[{"count":0,"href":"https:\/\/zbl.lzmk.hr\/index.php?rest_route=\/wp\/v2\/posts\/1370\/revisions"}],"wp:attachment":[{"href":"https:\/\/zbl.lzmk.hr\/index.php?rest_route=%2Fwp%2Fv2%2Fmedia&parent=1370"}],"wp:term":[{"taxonomy":"category","embeddable":true,"href":"https:\/\/zbl.lzmk.hr\/index.php?rest_route=%2Fwp%2Fv2%2Fcategories&post=1370"},{"taxonomy":"post_tag","embeddable":true,"href":"https:\/\/zbl.lzmk.hr\/index.php?rest_route=%2Fwp%2Fv2%2Ftags&post=1370"}],"curies":[{"name":"wp","href":"https:\/\/api.w.org\/{rel}","templated":true}]}}