{"id":1359,"date":"2016-10-14T22:00:00","date_gmt":"2016-10-14T22:00:00","guid":{"rendered":""},"modified":"2017-11-29T11:40:51","modified_gmt":"2017-11-29T10:40:51","slug":"benedik-slavko","status":"publish","type":"post","link":"https:\/\/zbl.lzmk.hr\/?p=1359","title":{"rendered":"BENEDIK, Slavko"},"content":{"rendered":"<p class=\"Normal\"><span class=\"Bold\">BENEDIK, Slavko, <\/span>arhitekt i gra\u0111evinski poduzetnik (Kri\u017e, 10. I. 1880 \u2013 Zagreb, 10. II. 1954). Sin Salamona i Terezije, brat Markov. Graditeljski odjel Obrtne \u0161kole zavr\u0161io je 1899. u Zagrebu, a Visoku tehni\u010dku \u0161kolu 1904. u Karlsruheu. S Alad\u00e1rom Baranyaijem 1905. osnovao je i do 1933. vodio gra\u0111evinsko-arhitektonski atelijer, u kojem je bio zadu\u017een za in\u017eenjerska rje\u0161enja i pravne poslove. Njihovim djelovanjem u Zagrebu je dosegnut vrhunac secesijske slobodne figuracije te artikuliran tzv. zagreba\u010dki tlocrt najamne stambene zgrade. Me\u0111u vi\u0161e od 200 projekata posebno se isti\u010du zgrada Popovi\u0107 na Jela\u010di\u0107evu trgu i sanatorij Brestovac na Medvednici (1908), pala\u010da Srpske banke na uglu Juri\u0161i\u0107eve i Petrinjske ul. (1914) i In\u017eenjerski dom na Trgu Burze (danas Trg hrvatskih velikana, 1927), obiteljske ku\u0107e na Tu\u0161kancu (Weiss\u2013Aleksander, 1916; Ili\u0107, 1922; Benedik, 1922) te \u010dinovni\u010dka kolonija malih dvojnih vila u Hercegova\u010dkoj ul. (1912) kao jedna od najranijih srednjoeuropskih primjena zamisli tzv. vrtnoga grada. Atelijeru pripada i prvenstvo u gradnji ravnih krovova zahvaljuju\u0107i revolucionarnoj primjeni drvocementne konstrukcije (zgrada Var\u017ei\u010dka\u2013Prikril u Gunduli\u0107evoj ul., 1907) te u sustavnoj uporabi armirano-betonskoga skeleta (skladi\u0161te tvrtke Socher u Preradovi\u0107evoj ul., 1913). Od 1930-ih bio je suvlasnik gra\u0111evnoga poduze\u0107a \u00bbAsfalt Beton\u00ab. Nakon uspostave NDH njegova supruga Jelka ro\u0111. Deutsch Maceljski (?, 2. IV. 1887 \u2013 Zagreb, 16. IV. 1941) po\u010dinila je samoubojstvo, a on preuzeo \u017eid. znak. Iako je stavljen na popis neophodno potrebnih stru\u010dnjaka, oduzeta mu je dozvola za rad te je vlastima morao prijaviti imetak. Do svr\u0161etka II. svj. rata \u017eivio je dijelom u Zagrebu, dijelom u Italiji. Za novine <span class=\"Italic\">Agramer Tagblatt <\/span>(1902\u201303) pisao je izvje\u0161taje s izlo\u017eaba hrv. proizvoda u Njema\u010dkoj. \u2013 Njegov sin <span class=\"Italic\">Vojko,<\/span> gra\u0111evinski in\u017eenjer i arhitekt (Zagreb, 2. XI. 1909 \u2013 Montreal, Kanada, 4. V. 2001) u me\u0111uratnom razdoblju bio je zaposlen u poduze\u0107u \u00bbAsfalt Beton\u00ab u Zagrebu. Po uspostavi NDH preuzeo je \u017eid. znak i izgubio posao. God. 1943. priklju\u010dio se partizanskomu pokretu, a potom se preko Italije iselio u SAD. \u2013 Brat <span class=\"Italic\">Marko,<\/span> gospodarstvenik (Kri\u017e, 13. VII. 1876 \u2013 Zagreb, 10. I. 1953) u me\u0111uratnom razdoblju bio je vlasnik poduze\u0107a za izradu drvenih proizvoda \u00bbMiami\u00ab sa sjedi\u0161tem u Ku\u010derinoj ul. u Zagrebu. Po uspostavi NDH preuzeo je \u017eid. znak i pre\u0161ao na katoli\u010danstvo. Zahvaljuju\u0107i mje\u0161ovitu braku s Hortenzijom ro\u0111. Vrada\u010d (?, o. 1895 \u2013 Zagreb, 6. IV. 1978), s kojom je imao sina Borisa, pre\u017eivio je II. svj. rat. \u2013 Majka <span class=\"Italic\">Terezija <\/span>ro\u0111.<span class=\"Italic\"> Bernstein<\/span> (Lupoglav, 21. II. 1847 \u2013 ?Auschwitz, nakon V. 1943), udovica je trgovca drvom Salamona, koji je 1915. bio jedan od najve\u0107ih prinosnika poreza \u017dOZ. U Zagreb je stigla iz Kri\u017ea te je za NDH stanovala u Juri\u0161i\u0107evoj ul. U prijavi imetka navodi da je majka troje djece starije od 60 godina. U svibnju 1943. deportirana je najvjerojatnije u Auschwitz, u 97. godini \u017eivota, \u0161to je \u010dini jednom od najstarijih \u017ertava Holokausta u Hrvatskoj.<\/p>\n<p class=\"Literatura\"><span class=\"SMALL-CAPS\">IZV.:<\/span> HDA, Ponova, br. 1076, Srpski odsjek, Op\u0107i spisi, kut. 441, 41\/1941. \u2013 HDA, Ponova, Prijava imetka, kut. 661. \u2013 HDA, RUR, \u017didovski odsjek, 27247. \u2013 K\u017dZ. \u2013 Podaci o ulazniku B. Poli\u0107. \u2013 Telefonski imenik 1941.<\/p>\n<p class=\"Literatura\"><span class=\"SMALL-CAPS\">LIT.:<\/span> A. Laszlo: <span class=\"Italic\">Croquis za urotu sje\u0107anja.<\/span> Bilten \u017dOZ, 1989, 12. \u2013 J. Galjer: <span class=\"Italic\">Aladar Vladimir Baranyai: arhitektura i dizajn 1899\u20131936.<\/span> (katalog izlo\u017ebe). Zagreb 1999. \u2013 A. Laslo: Lica moderniteta 1898.\u20131918., zagreba\u010dka arhitektura secesijske epohe. U: <span class=\"Italic\">Secesija u Hrvatskoj<\/span> (katalog izlo\u017ebe). Zagreb 2003. \u2013 M. \u0160vob: <span class=\"Italic\">\u017didovi u Hrvatskoj,<\/span> 2. Zagreb 2004. \u2013 <a>http:\/\/migs.concordia.ca\/memoirs\/Vertes\/<\/a>, pristupljeno 27. XII. 2011.<\/p>\n","protected":false},"excerpt":{"rendered":"<p>BENEDIK, Slavko, arhitekt i gra\u0111evinski poduzetnik (Kri\u017e, 10. I. 1880 \u2013 Zagreb, 10. II. 1954). Sin Salamona i Terezije, brat Markov. Graditeljski odjel Obrtne \u0161kole zavr\u0161io je 1899. u Zagrebu, a Visoku tehni\u010dku \u0161kolu 1904. u Karlsruheu. S Alad\u00e1rom Baranyaijem 1905. osnovao je i do 1933. vodio gra\u0111evinsko-arhitektonski atelijer, u kojem je bio zadu\u017een za &hellip; <a href=\"https:\/\/zbl.lzmk.hr\/?p=1359\" class=\"more-link\">Nastavi \u010ditati<span class=\"screen-reader-text\"> &#8220;BENEDIK, Slavko&#8221;<\/span><\/a><\/p>\n","protected":false},"author":2,"featured_media":0,"comment_status":"closed","ping_status":"open","sticky":false,"template":"","format":"standard","meta":{"footnotes":""},"categories":[2],"tags":[],"class_list":["post-1359","post","type-post","status-publish","format-standard","hentry","category-2"],"_links":{"self":[{"href":"https:\/\/zbl.lzmk.hr\/index.php?rest_route=\/wp\/v2\/posts\/1359"}],"collection":[{"href":"https:\/\/zbl.lzmk.hr\/index.php?rest_route=\/wp\/v2\/posts"}],"about":[{"href":"https:\/\/zbl.lzmk.hr\/index.php?rest_route=\/wp\/v2\/types\/post"}],"author":[{"embeddable":true,"href":"https:\/\/zbl.lzmk.hr\/index.php?rest_route=\/wp\/v2\/users\/2"}],"replies":[{"embeddable":true,"href":"https:\/\/zbl.lzmk.hr\/index.php?rest_route=%2Fwp%2Fv2%2Fcomments&post=1359"}],"version-history":[{"count":1,"href":"https:\/\/zbl.lzmk.hr\/index.php?rest_route=\/wp\/v2\/posts\/1359\/revisions"}],"predecessor-version":[{"id":3662,"href":"https:\/\/zbl.lzmk.hr\/index.php?rest_route=\/wp\/v2\/posts\/1359\/revisions\/3662"}],"wp:attachment":[{"href":"https:\/\/zbl.lzmk.hr\/index.php?rest_route=%2Fwp%2Fv2%2Fmedia&parent=1359"}],"wp:term":[{"taxonomy":"category","embeddable":true,"href":"https:\/\/zbl.lzmk.hr\/index.php?rest_route=%2Fwp%2Fv2%2Fcategories&post=1359"},{"taxonomy":"post_tag","embeddable":true,"href":"https:\/\/zbl.lzmk.hr\/index.php?rest_route=%2Fwp%2Fv2%2Ftags&post=1359"}],"curies":[{"name":"wp","href":"https:\/\/api.w.org\/{rel}","templated":true}]}}