{"id":1325,"date":"2016-10-14T22:00:00","date_gmt":"2016-10-14T22:00:00","guid":{"rendered":""},"modified":"2016-10-14T22:00:00","modified_gmt":"2016-10-14T22:00:00","slug":"","status":"publish","type":"post","link":"https:\/\/zbl.lzmk.hr\/?p=1325","title":{"rendered":"BELIN, Boris (Bl\u00fchweiss)"},"content":{"rendered":"<p class=\"Normal\"><span class=\"Bold\">BELIN, Boris (Bl\u00fchweiss), <\/span>in\u017eenjer (Zagreb, 12. V. 1913 \u2013 Zagreb, 8. III. 1974). Sin \u2192 Alberta Bl\u00fchweissa. Tijekom II. svj. rata promijenio je prezime u Belin. Nakon zavr\u0161ena Tehni\u010dkoga fakulteta u Zagrebu 1937, radio je kao projektant u poduze\u0107u \u00bbNoris\u00ab. Po uspostavi NDH preuzeo je \u017eid. znak te ubrzo sa suprugom izbjegao u Italiju, gdje se 1943. priklju\u010dio partizanima. Nakon II. svj. rata u Zagrebu je vodio obnovu elektri\u010dnih postrojenja u Tvornici aluminija Lozovac, djelovao kao planer za elektroindustriju u Saveznom ministarstvu industrije u Beogradu, vodio odjel za konstrukciju elektri\u010dnih aparata u tvornici \u00bbRade Kon\u010dar\u00ab u Zagrebu, a potom je bio upravitelj Zavoda za aparate Elektrotehni\u010dkog instituta \u00bbRade Kon\u010dar\u00ab. Od 1956. predavao je na Elektrotehni\u010dkom fakultetu u Zagrebu te je ujedno bio profesor na Vi\u0161oj tehni\u010dkoj \u0161koli \u00bbRade Kon\u010dar\u00ab.<span class=\"Italic\"> <\/span>Za izvanrednoga profesora na Elektrotehni\u010dkom fakultetu u Zagrebu bio je izabran 1973, a ujedno je bio savjetnik u Institutu \u00bbRade Kon\u010dar\u00ab.<span class=\"Italic\"> <\/span>Sura\u0111ivao je s me\u0111unarodnim stru\u010dnim udru\u017eenjima IEC i CIGRE. Uz zna\u010dajan rad na konstrukciji visokonaponskih prekida\u010da, objavio je niz radova o prenaponima zbog povratnog vala na dalekovodima i o malouljnim srednjonaponskim sklopkama. Njegova predavanja objavljena su posmrtno u monografiji <span class=\"Italic\">Uvod u teoriju elektri\u010dnih sklopnih aparata<\/span> (Zagreb 1978). Zaslu\u017ean je za prerastanje tvornice \u00bbRade Kon\u010dar\u00ab u suvremeno poduze\u0107e. Za rad na podru\u010dju visokonaponskih prekida\u010da dobio je 1968. nagradu \u00bbNikola Tesla\u00ab.<\/p>\n<p class=\"Literatura\"><span class=\"SMALL-CAPS\">IZV.:<\/span> K\u017dZ.<\/p>\n","protected":false},"excerpt":{"rendered":"<p>BELIN, Boris (Bl\u00fchweiss), in\u017eenjer (Zagreb, 12. V. 1913 \u2013 Zagreb, 8. III. 1974). Sin \u2192 Alberta Bl\u00fchweissa. Tijekom II. svj. rata promijenio je prezime u Belin. Nakon zavr\u0161ena Tehni\u010dkoga fakulteta u Zagrebu 1937, radio je kao projektant u poduze\u0107u \u00bbNoris\u00ab. Po uspostavi NDH preuzeo je \u017eid. znak te ubrzo sa suprugom izbjegao u Italiju, gdje &hellip; <a href=\"https:\/\/zbl.lzmk.hr\/?p=1325\" class=\"more-link\">Nastavi \u010ditati<span class=\"screen-reader-text\"> &#8220;BELIN, Boris (Bl\u00fchweiss)&#8221;<\/span><\/a><\/p>\n","protected":false},"author":2,"featured_media":0,"comment_status":"closed","ping_status":"open","sticky":false,"template":"","format":"standard","meta":{"footnotes":""},"categories":[2],"tags":[],"class_list":["post-1325","post","type-post","status-publish","format-standard","hentry","category-2"],"_links":{"self":[{"href":"https:\/\/zbl.lzmk.hr\/index.php?rest_route=\/wp\/v2\/posts\/1325"}],"collection":[{"href":"https:\/\/zbl.lzmk.hr\/index.php?rest_route=\/wp\/v2\/posts"}],"about":[{"href":"https:\/\/zbl.lzmk.hr\/index.php?rest_route=\/wp\/v2\/types\/post"}],"author":[{"embeddable":true,"href":"https:\/\/zbl.lzmk.hr\/index.php?rest_route=\/wp\/v2\/users\/2"}],"replies":[{"embeddable":true,"href":"https:\/\/zbl.lzmk.hr\/index.php?rest_route=%2Fwp%2Fv2%2Fcomments&post=1325"}],"version-history":[{"count":0,"href":"https:\/\/zbl.lzmk.hr\/index.php?rest_route=\/wp\/v2\/posts\/1325\/revisions"}],"wp:attachment":[{"href":"https:\/\/zbl.lzmk.hr\/index.php?rest_route=%2Fwp%2Fv2%2Fmedia&parent=1325"}],"wp:term":[{"taxonomy":"category","embeddable":true,"href":"https:\/\/zbl.lzmk.hr\/index.php?rest_route=%2Fwp%2Fv2%2Fcategories&post=1325"},{"taxonomy":"post_tag","embeddable":true,"href":"https:\/\/zbl.lzmk.hr\/index.php?rest_route=%2Fwp%2Fv2%2Ftags&post=1325"}],"curies":[{"name":"wp","href":"https:\/\/api.w.org\/{rel}","templated":true}]}}