{"id":1270,"date":"2016-10-14T22:00:00","date_gmt":"2016-10-14T22:00:00","guid":{"rendered":""},"modified":"2016-10-14T22:00:00","modified_gmt":"2016-10-14T22:00:00","slug":"","status":"publish","type":"post","link":"https:\/\/zbl.lzmk.hr\/?p=1270","title":{"rendered":"BEDENI\u0106-LANGER, Marijana"},"content":{"rendered":"<p class=\"Normal\"><span class=\"Bold\">BEDENI\u0106-LANGER, Marijana, <\/span>pedijatrica (Be\u010d, 15. IX. 1901 \u2013 Osijek, 15. I. 1988). K\u0107i Alfreda i Rozine. Jedna od za\u010detnica osje\u010dke pedijatrije. Medicinski fakultet zavr\u0161ila je u Be\u010du 1926, a potom je godinu dana radila na Internom odjelu bolnice Sophienspital u Be\u010du kod prof. Jagi\u0107a i pet godina u Gradskoj dje\u010djoj bolnici u Be\u010du. Od 1928. usavr\u0161avala se na Alergolo\u0161kom odjelu Dermatolo\u0161ke klinike te na Odjelu za dje\u010dju ortopediju i na Odjelu za novoro\u0111en\u010dad pri Ginekolo\u0161ko-poro\u0111ajnoj klinici u Be\u010du. U Osijek je do\u0161la 1933. kao supruga lije\u010dnika Milana Bedeni\u0107a. God. 1935. u Zagrebu je polo\u017eila specijalisti\u010dki ispit te radila privatno kao jedini pedijatar u Osijeku i Slavoniji. Po uspostavi NDH, iako je 1931. pre\u0161la na katoli\u010danstvo, zajedno sa suprugom morala je prijaviti imovinu. Od 1943. bila je voditeljica novoosnovanoga Doma za majke i dojen\u010dad. Nakon II. svj. rata organizirala je rad Dje\u010djega dispanzera, vodila savjetovali\u0161te, a posebno se istaknula pri uvo\u0111enju pedijatrijske patrona\u017ene slu\u017ebe. U Osijeku je organizirala te\u010dajeve i \u0160kolu za njegovateljice te bila prva voditeljica Dje\u010djega bolni\u010dkoga stacionara. Od 1951. do umirovljenja 1971. radila je u osje\u010dkom Domu narodnoga zdravlja. Za svoj rad primila je mnogobrojna odlikovanja, me\u0111u ostalim, diplomu Saveza lije\u010dni\u010dkih dru\u0161tava Jugoslavije (1971).<\/p>\n<p class=\"Literatura\"><span class=\"SMALL-CAPS\">IZV.:<\/span> DAOS, Gradsko poglavarstvo Osijek, Zdravstvena slu\u017eba, knj. 1232. \u2013 HDA, Ponova, Prijava imetka, kut. 628.<\/p>\n<p class=\"Literatura\"><span class=\"SMALL-CAPS\">LIT.:<\/span> V. Utvi\u0107: <span class=\"Italic\">Povijest bolni\u010dkih ustanova u Osijeku od 1874\u20131974. <\/span>Osijek 1974. \u2013 S. Sr\u0161an i V. Mati\u0107: <span class=\"Italic\">Zavi\u010dajnici grada Osijeka 1901.\u20131946. <\/span>Osijek 2003.<span class=\"Bold\"> <\/span><\/p>\n","protected":false},"excerpt":{"rendered":"<p>BEDENI\u0106-LANGER, Marijana, pedijatrica (Be\u010d, 15. IX. 1901 \u2013 Osijek, 15. I. 1988). K\u0107i Alfreda i Rozine. Jedna od za\u010detnica osje\u010dke pedijatrije. Medicinski fakultet zavr\u0161ila je u Be\u010du 1926, a potom je godinu dana radila na Internom odjelu bolnice Sophienspital u Be\u010du kod prof. Jagi\u0107a i pet godina u Gradskoj dje\u010djoj bolnici u Be\u010du. Od 1928. &hellip; <a href=\"https:\/\/zbl.lzmk.hr\/?p=1270\" class=\"more-link\">Nastavi \u010ditati<span class=\"screen-reader-text\"> &#8220;BEDENI\u0106-LANGER, Marijana&#8221;<\/span><\/a><\/p>\n","protected":false},"author":2,"featured_media":0,"comment_status":"closed","ping_status":"open","sticky":false,"template":"","format":"standard","meta":{"footnotes":""},"categories":[2],"tags":[],"class_list":["post-1270","post","type-post","status-publish","format-standard","hentry","category-2"],"_links":{"self":[{"href":"https:\/\/zbl.lzmk.hr\/index.php?rest_route=\/wp\/v2\/posts\/1270"}],"collection":[{"href":"https:\/\/zbl.lzmk.hr\/index.php?rest_route=\/wp\/v2\/posts"}],"about":[{"href":"https:\/\/zbl.lzmk.hr\/index.php?rest_route=\/wp\/v2\/types\/post"}],"author":[{"embeddable":true,"href":"https:\/\/zbl.lzmk.hr\/index.php?rest_route=\/wp\/v2\/users\/2"}],"replies":[{"embeddable":true,"href":"https:\/\/zbl.lzmk.hr\/index.php?rest_route=%2Fwp%2Fv2%2Fcomments&post=1270"}],"version-history":[{"count":0,"href":"https:\/\/zbl.lzmk.hr\/index.php?rest_route=\/wp\/v2\/posts\/1270\/revisions"}],"wp:attachment":[{"href":"https:\/\/zbl.lzmk.hr\/index.php?rest_route=%2Fwp%2Fv2%2Fmedia&parent=1270"}],"wp:term":[{"taxonomy":"category","embeddable":true,"href":"https:\/\/zbl.lzmk.hr\/index.php?rest_route=%2Fwp%2Fv2%2Fcategories&post=1270"},{"taxonomy":"post_tag","embeddable":true,"href":"https:\/\/zbl.lzmk.hr\/index.php?rest_route=%2Fwp%2Fv2%2Ftags&post=1270"}],"curies":[{"name":"wp","href":"https:\/\/api.w.org\/{rel}","templated":true}]}}