{"id":1069,"date":"2016-10-14T22:00:00","date_gmt":"2016-10-14T22:00:00","guid":{"rendered":""},"modified":"2016-10-14T22:00:00","modified_gmt":"2016-10-14T22:00:00","slug":"","status":"publish","type":"post","link":"https:\/\/zbl.lzmk.hr\/?p=1069","title":{"rendered":"BAUM, Filip"},"content":{"rendered":"<p class=\"Normal\"><span class=\"Bold\">BAUM, Filip, <\/span>gospodarstvenik i \u017eid. aktivist (Potnjani kraj \u0110akova, 23. XII. 1890 \u2013 ?). Djelovao je kao bravarski obrtnik, proizvo\u0111a\u010d \u017eeljeznoga i mjedenoga poku\u0107stva, a u me\u0111uratnom razdoblju vlasnik poduze\u0107a \u00bbFilip Baum\u00ab, za proizvodnju \u017eeljeznog i mjedenog poku\u0107stva te dje\u010djih kolica sa sjedi\u0161tem u Ul. Pavla Radi\u0107a i prodavaonicom u De\u017emanovoj ul. u Zagrebu. U poduze\u0107u je nekoliko mjeseci 1920\/21. radio Josip Broz Tito. Bio je istaknuti \u010dlan \u00bbLo\u017ee Zagreb 1090\u00ab nezavisnog \u017eid. reda <span class=\"Italic\">Bnei Brit<\/span> (jedan od 25 izaslanika zagreba\u010dke lo\u017ee nazo\u010dan na inauguraciji jugoslavenske Velike lo\u017ee <span class=\"Italic\">Bnei Brit <\/span>1935. sa sjedi\u0161tem u Beogradu). Po uspostavi NDH poduze\u0107e je podr\u017eavljeno i prodano J. T., koji ga je zadr\u017eao na poslu. kad je u sije\u010dnju 1942. uhi\u0107en, 35 od ukupno 65 zaposlenika potpisalo je zahtjev da ga se pusti iz logora kako bi poduze\u0107e moglo nastaviti rad. Dana 28. I. 1942. bio je oslobo\u0111en, no daljnja mu je sudbina nepoznata.<\/p>\n<p class=\"Literatura\"><span class=\"SMALL-CAPS\">IZV.:<\/span> HDA, Ponova, Prijava imetka, kut. 660. \u2013 HDA, RUR, \u017didovski odsjek, 28829. \u2013 Telefonski imenik 1941.<\/p>\n","protected":false},"excerpt":{"rendered":"<p>BAUM, Filip, gospodarstvenik i \u017eid. aktivist (Potnjani kraj \u0110akova, 23. XII. 1890 \u2013 ?). Djelovao je kao bravarski obrtnik, proizvo\u0111a\u010d \u017eeljeznoga i mjedenoga poku\u0107stva, a u me\u0111uratnom razdoblju vlasnik poduze\u0107a \u00bbFilip Baum\u00ab, za proizvodnju \u017eeljeznog i mjedenog poku\u0107stva te dje\u010djih kolica sa sjedi\u0161tem u Ul. Pavla Radi\u0107a i prodavaonicom u De\u017emanovoj ul. u Zagrebu. U &hellip; <a href=\"https:\/\/zbl.lzmk.hr\/?p=1069\" class=\"more-link\">Nastavi \u010ditati<span class=\"screen-reader-text\"> &#8220;BAUM, Filip&#8221;<\/span><\/a><\/p>\n","protected":false},"author":2,"featured_media":0,"comment_status":"closed","ping_status":"open","sticky":false,"template":"","format":"standard","meta":{"footnotes":""},"categories":[2],"tags":[],"class_list":["post-1069","post","type-post","status-publish","format-standard","hentry","category-2"],"_links":{"self":[{"href":"https:\/\/zbl.lzmk.hr\/index.php?rest_route=\/wp\/v2\/posts\/1069"}],"collection":[{"href":"https:\/\/zbl.lzmk.hr\/index.php?rest_route=\/wp\/v2\/posts"}],"about":[{"href":"https:\/\/zbl.lzmk.hr\/index.php?rest_route=\/wp\/v2\/types\/post"}],"author":[{"embeddable":true,"href":"https:\/\/zbl.lzmk.hr\/index.php?rest_route=\/wp\/v2\/users\/2"}],"replies":[{"embeddable":true,"href":"https:\/\/zbl.lzmk.hr\/index.php?rest_route=%2Fwp%2Fv2%2Fcomments&post=1069"}],"version-history":[{"count":0,"href":"https:\/\/zbl.lzmk.hr\/index.php?rest_route=\/wp\/v2\/posts\/1069\/revisions"}],"wp:attachment":[{"href":"https:\/\/zbl.lzmk.hr\/index.php?rest_route=%2Fwp%2Fv2%2Fmedia&parent=1069"}],"wp:term":[{"taxonomy":"category","embeddable":true,"href":"https:\/\/zbl.lzmk.hr\/index.php?rest_route=%2Fwp%2Fv2%2Fcategories&post=1069"},{"taxonomy":"post_tag","embeddable":true,"href":"https:\/\/zbl.lzmk.hr\/index.php?rest_route=%2Fwp%2Fv2%2Ftags&post=1069"}],"curies":[{"name":"wp","href":"https:\/\/api.w.org\/{rel}","templated":true}]}}