{"id":1047,"date":"2016-10-14T22:00:00","date_gmt":"2016-10-14T22:00:00","guid":{"rendered":""},"modified":"2018-11-26T10:43:43","modified_gmt":"2018-11-26T09:43:43","slug":"baum-bruno","status":"publish","type":"post","link":"https:\/\/zbl.lzmk.hr\/?p=1047","title":{"rendered":"BAUM, Bruno"},"content":{"rendered":"<p class=\"Normal\"><span class=\"Bold\">BAUM, Bruno<\/span> (Slavonski Brod, 1923 \u2013 logor Jasenovac, 1942). Kao u\u010denik iz Slavonskog Broda, 1941. priklju\u010dio se partizanima u sastavu udarne grupe, koja je izvodila sabota\u017ee i diverzije. Otkriven u sije\u010dnju 1942. i odveden u logor Jasenovac, gdje je stradao.<\/p>\n<p class=\"Literatura\"><span class=\"SMALL-CAPS\">IZV.:<\/span> \u017dOSB, Popis \u017didova likvidiranih 1941\u20131945.<\/p>\n<p class=\"Literatura\"><span class=\"SMALL-CAPS\">LIT.:<\/span> J. Romano: <span class=\"Italic\">Jevreji Jugoslavije 1941\u20131945. \u017drtve genocida i u\u010desnici narodnooslobodila\u010dkog rata.<\/span> Beograd 1980. \u2013 <a>http:\/\/www.jusp-jasenovac.hr\/Default.aspx?sid=6284<\/a>, pristupljeno 21. XII. 2011.\u00a0<span style=\"display: inline !important; float: none; background-color: transparent; color: #333333; cursor: text; font-family: Georgia,'Times New Roman','Bitstream Charter',Times,serif; font-size: 16px; font-style: normal; font-variant: normal; font-weight: 400; letter-spacing: normal; orphans: 2; text-align: left; text-decoration: none; text-indent: 0px; text-transform: none; -webkit-text-stroke-width: 0px; white-space: normal; word-spacing: 0px;\">\u2013 S. Uzelac Schwendemann:\u00a0<\/span><em>\u017didovski Brod<\/em><em>\/kulturno-povijesne krhotine<\/em><span style=\"display: inline !important; float: none; background-color: transparent; color: #333333; cursor: text; font-family: Georgia,'Times New Roman','Bitstream Charter',Times,serif; font-size: 16px; font-style: normal; font-variant: normal; font-weight: 400; letter-spacing: normal; orphans: 2; text-align: left; text-decoration: none; text-indent: 0px; text-transform: none; -webkit-text-stroke-width: 0px; white-space: normal; word-spacing: 0px;\">, Slavonski Brod 2011.<\/span><\/p>\n","protected":false},"excerpt":{"rendered":"<p>BAUM, Bruno (Slavonski Brod, 1923 \u2013 logor Jasenovac, 1942). Kao u\u010denik iz Slavonskog Broda, 1941. priklju\u010dio se partizanima u sastavu udarne grupe, koja je izvodila sabota\u017ee i diverzije. Otkriven u sije\u010dnju 1942. i odveden u logor Jasenovac, gdje je stradao. IZV.: \u017dOSB, Popis \u017didova likvidiranih 1941\u20131945. LIT.: J. Romano: Jevreji Jugoslavije 1941\u20131945. \u017drtve genocida i &hellip; <a href=\"https:\/\/zbl.lzmk.hr\/?p=1047\" class=\"more-link\">Nastavi \u010ditati<span class=\"screen-reader-text\"> &#8220;BAUM, Bruno&#8221;<\/span><\/a><\/p>\n","protected":false},"author":2,"featured_media":0,"comment_status":"closed","ping_status":"open","sticky":false,"template":"","format":"standard","meta":{"footnotes":""},"categories":[2],"tags":[],"class_list":["post-1047","post","type-post","status-publish","format-standard","hentry","category-2"],"_links":{"self":[{"href":"https:\/\/zbl.lzmk.hr\/index.php?rest_route=\/wp\/v2\/posts\/1047"}],"collection":[{"href":"https:\/\/zbl.lzmk.hr\/index.php?rest_route=\/wp\/v2\/posts"}],"about":[{"href":"https:\/\/zbl.lzmk.hr\/index.php?rest_route=\/wp\/v2\/types\/post"}],"author":[{"embeddable":true,"href":"https:\/\/zbl.lzmk.hr\/index.php?rest_route=\/wp\/v2\/users\/2"}],"replies":[{"embeddable":true,"href":"https:\/\/zbl.lzmk.hr\/index.php?rest_route=%2Fwp%2Fv2%2Fcomments&post=1047"}],"version-history":[{"count":1,"href":"https:\/\/zbl.lzmk.hr\/index.php?rest_route=\/wp\/v2\/posts\/1047\/revisions"}],"predecessor-version":[{"id":3761,"href":"https:\/\/zbl.lzmk.hr\/index.php?rest_route=\/wp\/v2\/posts\/1047\/revisions\/3761"}],"wp:attachment":[{"href":"https:\/\/zbl.lzmk.hr\/index.php?rest_route=%2Fwp%2Fv2%2Fmedia&parent=1047"}],"wp:term":[{"taxonomy":"category","embeddable":true,"href":"https:\/\/zbl.lzmk.hr\/index.php?rest_route=%2Fwp%2Fv2%2Fcategories&post=1047"},{"taxonomy":"post_tag","embeddable":true,"href":"https:\/\/zbl.lzmk.hr\/index.php?rest_route=%2Fwp%2Fv2%2Ftags&post=1047"}],"curies":[{"name":"wp","href":"https:\/\/api.w.org\/{rel}","templated":true}]}}