{"id":1025,"date":"2016-10-14T22:00:00","date_gmt":"2016-10-14T22:00:00","guid":{"rendered":""},"modified":"2016-10-14T22:00:00","modified_gmt":"2016-10-14T22:00:00","slug":"","status":"publish","type":"post","link":"https:\/\/zbl.lzmk.hr\/?p=1025","title":{"rendered":"BAUER, \u017diga"},"content":{"rendered":"<p class=\"Normal\"><span class=\"Bold\">BAUER, \u017diga, <\/span>ginekolog i \u017eid. aktivist (Po\u017eega, 1888 \u2013 Naharija, Izrael, 6. II. 1967). Nakon gimnazije u Osijeku, zavr\u0161io je studij medicine u Budimpe\u0161ti. Nastaniv\u0161i se u Sarajevu, vodio je ginekolo\u0161ku ordinaciju i vlastiti sanatorij. Kao istaknuti pripadnik cionisti\u010dkih krugova, bio je prvi predsj. dru\u0161tva \u00bbJudeja\u00ab (osn. 1908. u Zagrebu) te pokreta\u010d izgradnje \u017didovskoga doma u Sarajevu i suosniva\u010d tamo\u0161nje lo\u017ee reda <span class=\"Italic\">Bnei Brit<\/span>. Nakon \u0161to je 1939. turisti\u010dki posjetio Palestinu, ostao je u Kfar \u0160marjahuu kraj Tel Aviva, napustio lije\u010dni\u0161tvo i postao poljodjelac, napose stru\u010dnjak u peradarstvu. Posljednje godine \u017eivota proveo je u mo\u0161avu Bustan Hagalil.<\/p>\n<p class=\"Literatura\"><span class=\"SMALL-CAPS\">LIT.:<\/span> \u017d. Lebl: <span class=\"Italic\">Ju\u010de, danas<\/span>. Tel Aviv 1999. \u2013 G. Piasek: <span class=\"Italic\">Nekoliko povijesnih podataka o \u017didovima u Vara\u017edinu<\/span>. Novi Omanut, 3(1995) 11. \u2013 M. Kolar-Dimitrijevi\u0107: <span class=\"Italic\">Osobe iz knjige Ju\u010der, danas \u017deni Lebl (Jennie Lebel). <\/span>Novi Omanut, 9(2001) 44\/45.<\/p>\n","protected":false},"excerpt":{"rendered":"<p>BAUER, \u017diga, ginekolog i \u017eid. aktivist (Po\u017eega, 1888 \u2013 Naharija, Izrael, 6. II. 1967). Nakon gimnazije u Osijeku, zavr\u0161io je studij medicine u Budimpe\u0161ti. Nastaniv\u0161i se u Sarajevu, vodio je ginekolo\u0161ku ordinaciju i vlastiti sanatorij. Kao istaknuti pripadnik cionisti\u010dkih krugova, bio je prvi predsj. dru\u0161tva \u00bbJudeja\u00ab (osn. 1908. u Zagrebu) te pokreta\u010d izgradnje \u017didovskoga doma &hellip; <a href=\"https:\/\/zbl.lzmk.hr\/?p=1025\" class=\"more-link\">Nastavi \u010ditati<span class=\"screen-reader-text\"> &#8220;BAUER, \u017diga&#8221;<\/span><\/a><\/p>\n","protected":false},"author":2,"featured_media":0,"comment_status":"closed","ping_status":"open","sticky":false,"template":"","format":"standard","meta":{"footnotes":""},"categories":[2],"tags":[],"class_list":["post-1025","post","type-post","status-publish","format-standard","hentry","category-2"],"_links":{"self":[{"href":"https:\/\/zbl.lzmk.hr\/index.php?rest_route=\/wp\/v2\/posts\/1025"}],"collection":[{"href":"https:\/\/zbl.lzmk.hr\/index.php?rest_route=\/wp\/v2\/posts"}],"about":[{"href":"https:\/\/zbl.lzmk.hr\/index.php?rest_route=\/wp\/v2\/types\/post"}],"author":[{"embeddable":true,"href":"https:\/\/zbl.lzmk.hr\/index.php?rest_route=\/wp\/v2\/users\/2"}],"replies":[{"embeddable":true,"href":"https:\/\/zbl.lzmk.hr\/index.php?rest_route=%2Fwp%2Fv2%2Fcomments&post=1025"}],"version-history":[{"count":0,"href":"https:\/\/zbl.lzmk.hr\/index.php?rest_route=\/wp\/v2\/posts\/1025\/revisions"}],"wp:attachment":[{"href":"https:\/\/zbl.lzmk.hr\/index.php?rest_route=%2Fwp%2Fv2%2Fmedia&parent=1025"}],"wp:term":[{"taxonomy":"category","embeddable":true,"href":"https:\/\/zbl.lzmk.hr\/index.php?rest_route=%2Fwp%2Fv2%2Fcategories&post=1025"},{"taxonomy":"post_tag","embeddable":true,"href":"https:\/\/zbl.lzmk.hr\/index.php?rest_route=%2Fwp%2Fv2%2Ftags&post=1025"}],"curies":[{"name":"wp","href":"https:\/\/api.w.org\/{rel}","templated":true}]}}